{"id":8453,"date":"2024-07-11T13:15:47","date_gmt":"2024-07-11T11:15:47","guid":{"rendered":"https:\/\/shop.petercernicka.eu\/?p=8453"},"modified":"2024-07-11T13:26:50","modified_gmt":"2024-07-11T11:26:50","slug":"aranzma-pre-cm-malena-a-vesela-muzika-ratiskovice","status":"publish","type":"post","link":"https:\/\/shop.petercernicka.eu\/de\/aranzma-pre-cm-malena-a-vesela-muzika-ratiskovice\/","title":{"rendered":"Aran\u017em\u00e1 pre CM Malena a Vesel\u00e1 muzika Rat\u00ed\u0161kovice"},"content":{"rendered":"<p>Netradi\u010dn\u00e9 aran\u017em\u00e1 pre cimbalov\u00fa muziku a dychov\u00fa hudbu.<\/p>\n<p>Skladba v Dolin\u00e1ch<\/p>\n<p><iframe src=\"\/\/www.youtube.com\/embed\/l8FAccrxhVY?fbclid=IwZXh0bgNhZW0CMTEAAR2S2OLW1NxuZcrLY0zKjXNMlMaz0bF8ROIvhYch10h8T0jh1DHnfDejXNc_aem_7lLRG4Q9ZPXD_FzmuoZUnw\" width=\"740\" height=\"415\" allowfullscreen=\"allowfullscreen\"><\/iframe><\/p>","protected":false},"excerpt":{"rendered":"<p>Netradi\u010dn\u00e9 aran\u017em\u00e1 pre cimbalov\u00fa muziku a dychov\u00fa hudbu. Skladba v Dolin\u00e1ch<\/p>","protected":false},"author":1,"featured_media":8454,"comment_status":"closed","ping_status":"closed","sticky":false,"template":"","format":"standard","meta":{"om_disable_all_campaigns":false,"footnotes":""},"categories":[1143],"tags":[1144],"class_list":["post-8453","post","type-post","status-publish","format-standard","has-post-thumbnail","hentry","category-aktuality","tag-aranzmany"],"yoast_head":"<!-- This site is optimized with the Yoast SEO plugin v27.5 - https:\/\/yoast.com\/product\/yoast-seo-wordpress\/ -->\n<title>Aran\u017em\u00e1 pre CM Malena a Vesel\u00e1 muzika Rat\u00ed\u0161kovice - Peter \u010cerni\u010dka | Noty | HUDOBN\u00c9 PODKLADY<\/title>\n<meta name=\"robots\" content=\"index, follow, max-snippet:-1, max-image-preview:large, max-video-preview:-1\" \/>\n<link rel=\"canonical\" href=\"https:\/\/shop.petercernicka.eu\/de\/aranzma-pre-cm-malena-a-vesela-muzika-ratiskovice\/\" \/>\n<meta property=\"og:locale\" content=\"de_DE\" \/>\n<meta property=\"og:type\" content=\"article\" \/>\n<meta property=\"og:title\" content=\"Aran\u017em\u00e1 pre CM Malena a Vesel\u00e1 muzika Rat\u00ed\u0161kovice\" \/>\n<meta property=\"og:description\" content=\"Netradi\u010dn\u00e9 aran\u017em\u00e1 pre cimbalov\u00fa muziku a dychov\u00fa hudbu. Skladba v Dolin\u00e1ch\" \/>\n<meta property=\"og:url\" content=\"https:\/\/shop.petercernicka.eu\/de\/aranzma-pre-cm-malena-a-vesela-muzika-ratiskovice\/\" \/>\n<meta property=\"og:site_name\" content=\"Peter \u010cerni\u010dka | Noty | HUDOBN\u00c9 PODKLADY\" \/>\n<meta property=\"article:publisher\" content=\"https:\/\/www.facebook.com\/petercernickanoty\" \/>\n<meta property=\"article:published_time\" content=\"2024-07-11T11:15:47+00:00\" \/>\n<meta property=\"article:modified_time\" content=\"2024-07-11T11:26:50+00:00\" \/>\n<meta property=\"og:image\" content=\"https:\/\/shop.petercernicka.eu\/wp-content\/uploads\/2024\/07\/vesela-muzika.jpg\" \/>\n\t<meta property=\"og:image:width\" content=\"727\" \/>\n\t<meta property=\"og:image:height\" content=\"664\" \/>\n\t<meta property=\"og:image:type\" content=\"image\/jpeg\" \/>\n<meta name=\"author\" content=\"npd\" \/>\n<meta name=\"twitter:card\" content=\"summary_large_image\" \/>\n<meta name=\"twitter:label1\" content=\"Verfasst von\" \/>\n\t<meta name=\"twitter:data1\" content=\"npd\" \/>\n<script type=\"application\/ld+json\" class=\"yoast-schema-graph\">{\"@context\":\"https:\\\/\\\/schema.org\",\"@graph\":[{\"@type\":\"Article\",\"@id\":\"https:\\\/\\\/shop.petercernicka.eu\\\/aranzma-pre-cm-malena-a-vesela-muzika-ratiskovice\\\/#article\",\"isPartOf\":{\"@id\":\"https:\\\/\\\/shop.petercernicka.eu\\\/aranzma-pre-cm-malena-a-vesela-muzika-ratiskovice\\\/\"},\"author\":{\"name\":\"npd\",\"@id\":\"https:\\\/\\\/shop.petercernicka.eu\\\/#\\\/schema\\\/person\\\/443ea899e921e21a12b483819093f50c\"},\"headline\":\"Aran\u017em\u00e1 pre CM Malena a Vesel\u00e1 muzika Rat\u00ed\u0161kovice\",\"datePublished\":\"2024-07-11T11:15:47+00:00\",\"dateModified\":\"2024-07-11T11:26:50+00:00\",\"mainEntityOfPage\":{\"@id\":\"https:\\\/\\\/shop.petercernicka.eu\\\/aranzma-pre-cm-malena-a-vesela-muzika-ratiskovice\\\/\"},\"wordCount\":24,\"image\":{\"@id\":\"https:\\\/\\\/shop.petercernicka.eu\\\/aranzma-pre-cm-malena-a-vesela-muzika-ratiskovice\\\/#primaryimage\"},\"thumbnailUrl\":\"https:\\\/\\\/shop.petercernicka.eu\\\/wp-content\\\/uploads\\\/2024\\\/07\\\/vesela-muzika.jpg\",\"keywords\":[\"aranzmany\"],\"articleSection\":[\"Aktuality\"],\"inLanguage\":\"de\"},{\"@type\":\"WebPage\",\"@id\":\"https:\\\/\\\/shop.petercernicka.eu\\\/aranzma-pre-cm-malena-a-vesela-muzika-ratiskovice\\\/\",\"url\":\"https:\\\/\\\/shop.petercernicka.eu\\\/aranzma-pre-cm-malena-a-vesela-muzika-ratiskovice\\\/\",\"name\":\"Aran\u017em\u00e1 pre CM Malena a Vesel\u00e1 muzika Rat\u00ed\u0161kovice - Peter \u010cerni\u010dka | Noty | HUDOBN\u00c9 PODKLADY\",\"isPartOf\":{\"@id\":\"https:\\\/\\\/shop.petercernicka.eu\\\/#website\"},\"primaryImageOfPage\":{\"@id\":\"https:\\\/\\\/shop.petercernicka.eu\\\/aranzma-pre-cm-malena-a-vesela-muzika-ratiskovice\\\/#primaryimage\"},\"image\":{\"@id\":\"https:\\\/\\\/shop.petercernicka.eu\\\/aranzma-pre-cm-malena-a-vesela-muzika-ratiskovice\\\/#primaryimage\"},\"thumbnailUrl\":\"https:\\\/\\\/shop.petercernicka.eu\\\/wp-content\\\/uploads\\\/2024\\\/07\\\/vesela-muzika.jpg\",\"datePublished\":\"2024-07-11T11:15:47+00:00\",\"dateModified\":\"2024-07-11T11:26:50+00:00\",\"author\":{\"@id\":\"https:\\\/\\\/shop.petercernicka.eu\\\/#\\\/schema\\\/person\\\/443ea899e921e21a12b483819093f50c\"},\"breadcrumb\":{\"@id\":\"https:\\\/\\\/shop.petercernicka.eu\\\/aranzma-pre-cm-malena-a-vesela-muzika-ratiskovice\\\/#breadcrumb\"},\"inLanguage\":\"de\",\"potentialAction\":[{\"@type\":\"ReadAction\",\"target\":[\"https:\\\/\\\/shop.petercernicka.eu\\\/aranzma-pre-cm-malena-a-vesela-muzika-ratiskovice\\\/\"]}]},{\"@type\":\"ImageObject\",\"inLanguage\":\"de\",\"@id\":\"https:\\\/\\\/shop.petercernicka.eu\\\/aranzma-pre-cm-malena-a-vesela-muzika-ratiskovice\\\/#primaryimage\",\"url\":\"https:\\\/\\\/shop.petercernicka.eu\\\/wp-content\\\/uploads\\\/2024\\\/07\\\/vesela-muzika.jpg\",\"contentUrl\":\"https:\\\/\\\/shop.petercernicka.eu\\\/wp-content\\\/uploads\\\/2024\\\/07\\\/vesela-muzika.jpg\",\"width\":727,\"height\":664},{\"@type\":\"BreadcrumbList\",\"@id\":\"https:\\\/\\\/shop.petercernicka.eu\\\/aranzma-pre-cm-malena-a-vesela-muzika-ratiskovice\\\/#breadcrumb\",\"itemListElement\":[{\"@type\":\"ListItem\",\"position\":1,\"name\":\"Home\",\"item\":\"https:\\\/\\\/shop.petercernicka.eu\\\/\"},{\"@type\":\"ListItem\",\"position\":2,\"name\":\"Aran\u017em\u00e1 pre CM Malena a Vesel\u00e1 muzika Rat\u00ed\u0161kovice\"}]},{\"@type\":\"WebSite\",\"@id\":\"https:\\\/\\\/shop.petercernicka.eu\\\/#website\",\"url\":\"https:\\\/\\\/shop.petercernicka.eu\\\/\",\"name\":\"Peter \u010cerni\u010dka | Noty | HUDOBN\u00c9 PODKLADY\",\"description\":\"\u013eudov\u00e9 piesne, popul\u00e1rne \u0161l\u00e1gre, \u010desko-slovensk\u00e9 hity, cig\u00e1nske piesne, ewergreeny, viano\u010dn\u00e9 koledy\",\"potentialAction\":[{\"@type\":\"SearchAction\",\"target\":{\"@type\":\"EntryPoint\",\"urlTemplate\":\"https:\\\/\\\/shop.petercernicka.eu\\\/?s={search_term_string}\"},\"query-input\":{\"@type\":\"PropertyValueSpecification\",\"valueRequired\":true,\"valueName\":\"search_term_string\"}}],\"inLanguage\":\"de\"},{\"@type\":\"Person\",\"@id\":\"https:\\\/\\\/shop.petercernicka.eu\\\/#\\\/schema\\\/person\\\/443ea899e921e21a12b483819093f50c\",\"name\":\"npd\",\"image\":{\"@type\":\"ImageObject\",\"inLanguage\":\"de\",\"@id\":\"https:\\\/\\\/secure.gravatar.com\\\/avatar\\\/fd6eea309bd67bfc601b3ac3574b9736afe19326ea191d3fa6faac773fa26ad1?s=96&d=wavatar&r=g\",\"url\":\"https:\\\/\\\/secure.gravatar.com\\\/avatar\\\/fd6eea309bd67bfc601b3ac3574b9736afe19326ea191d3fa6faac773fa26ad1?s=96&d=wavatar&r=g\",\"contentUrl\":\"https:\\\/\\\/secure.gravatar.com\\\/avatar\\\/fd6eea309bd67bfc601b3ac3574b9736afe19326ea191d3fa6faac773fa26ad1?s=96&d=wavatar&r=g\",\"caption\":\"npd\"},\"sameAs\":[\"https:\\\/\\\/shop.petercernicka.eu\"],\"url\":\"https:\\\/\\\/shop.petercernicka.eu\\\/de\\\/author\\\/npd\\\/\"}]}<\/script>\n<!-- \/ Yoast SEO plugin. -->","yoast_head_json":{"title":"Aran\u017em\u00e1 pre CM Malena a Vesel\u00e1 muzika Rat\u00ed\u0161kovice - Peter \u010cerni\u010dka | Noty | HUDOBN\u00c9 PODKLADY","robots":{"index":"index","follow":"follow","max-snippet":"max-snippet:-1","max-image-preview":"max-image-preview:large","max-video-preview":"max-video-preview:-1"},"canonical":"https:\/\/shop.petercernicka.eu\/de\/aranzma-pre-cm-malena-a-vesela-muzika-ratiskovice\/","og_locale":"de_DE","og_type":"article","og_title":"Aran\u017em\u00e1 pre CM Malena a Vesel\u00e1 muzika Rat\u00ed\u0161kovice","og_description":"Netradi\u010dn\u00e9 aran\u017em\u00e1 pre cimbalov\u00fa muziku a dychov\u00fa hudbu. Skladba v Dolin\u00e1ch","og_url":"https:\/\/shop.petercernicka.eu\/de\/aranzma-pre-cm-malena-a-vesela-muzika-ratiskovice\/","og_site_name":"Peter \u010cerni\u010dka | Noty | HUDOBN\u00c9 PODKLADY","article_publisher":"https:\/\/www.facebook.com\/petercernickanoty","article_published_time":"2024-07-11T11:15:47+00:00","article_modified_time":"2024-07-11T11:26:50+00:00","og_image":[{"width":727,"height":664,"url":"https:\/\/shop.petercernicka.eu\/wp-content\/uploads\/2024\/07\/vesela-muzika.jpg","type":"image\/jpeg"}],"author":"npd","twitter_card":"summary_large_image","twitter_misc":{"Verfasst von":"npd"},"schema":{"@context":"https:\/\/schema.org","@graph":[{"@type":"Article","@id":"https:\/\/shop.petercernicka.eu\/aranzma-pre-cm-malena-a-vesela-muzika-ratiskovice\/#article","isPartOf":{"@id":"https:\/\/shop.petercernicka.eu\/aranzma-pre-cm-malena-a-vesela-muzika-ratiskovice\/"},"author":{"name":"npd","@id":"https:\/\/shop.petercernicka.eu\/#\/schema\/person\/443ea899e921e21a12b483819093f50c"},"headline":"Aran\u017em\u00e1 pre CM Malena a Vesel\u00e1 muzika Rat\u00ed\u0161kovice","datePublished":"2024-07-11T11:15:47+00:00","dateModified":"2024-07-11T11:26:50+00:00","mainEntityOfPage":{"@id":"https:\/\/shop.petercernicka.eu\/aranzma-pre-cm-malena-a-vesela-muzika-ratiskovice\/"},"wordCount":24,"image":{"@id":"https:\/\/shop.petercernicka.eu\/aranzma-pre-cm-malena-a-vesela-muzika-ratiskovice\/#primaryimage"},"thumbnailUrl":"https:\/\/shop.petercernicka.eu\/wp-content\/uploads\/2024\/07\/vesela-muzika.jpg","keywords":["aranzmany"],"articleSection":["Aktuality"],"inLanguage":"de"},{"@type":"WebPage","@id":"https:\/\/shop.petercernicka.eu\/aranzma-pre-cm-malena-a-vesela-muzika-ratiskovice\/","url":"https:\/\/shop.petercernicka.eu\/aranzma-pre-cm-malena-a-vesela-muzika-ratiskovice\/","name":"Aran\u017em\u00e1 pre CM Malena a Vesel\u00e1 muzika Rat\u00ed\u0161kovice - Peter \u010cerni\u010dka | Noty | HUDOBN\u00c9 PODKLADY","isPartOf":{"@id":"https:\/\/shop.petercernicka.eu\/#website"},"primaryImageOfPage":{"@id":"https:\/\/shop.petercernicka.eu\/aranzma-pre-cm-malena-a-vesela-muzika-ratiskovice\/#primaryimage"},"image":{"@id":"https:\/\/shop.petercernicka.eu\/aranzma-pre-cm-malena-a-vesela-muzika-ratiskovice\/#primaryimage"},"thumbnailUrl":"https:\/\/shop.petercernicka.eu\/wp-content\/uploads\/2024\/07\/vesela-muzika.jpg","datePublished":"2024-07-11T11:15:47+00:00","dateModified":"2024-07-11T11:26:50+00:00","author":{"@id":"https:\/\/shop.petercernicka.eu\/#\/schema\/person\/443ea899e921e21a12b483819093f50c"},"breadcrumb":{"@id":"https:\/\/shop.petercernicka.eu\/aranzma-pre-cm-malena-a-vesela-muzika-ratiskovice\/#breadcrumb"},"inLanguage":"de","potentialAction":[{"@type":"ReadAction","target":["https:\/\/shop.petercernicka.eu\/aranzma-pre-cm-malena-a-vesela-muzika-ratiskovice\/"]}]},{"@type":"ImageObject","inLanguage":"de","@id":"https:\/\/shop.petercernicka.eu\/aranzma-pre-cm-malena-a-vesela-muzika-ratiskovice\/#primaryimage","url":"https:\/\/shop.petercernicka.eu\/wp-content\/uploads\/2024\/07\/vesela-muzika.jpg","contentUrl":"https:\/\/shop.petercernicka.eu\/wp-content\/uploads\/2024\/07\/vesela-muzika.jpg","width":727,"height":664},{"@type":"BreadcrumbList","@id":"https:\/\/shop.petercernicka.eu\/aranzma-pre-cm-malena-a-vesela-muzika-ratiskovice\/#breadcrumb","itemListElement":[{"@type":"ListItem","position":1,"name":"Home","item":"https:\/\/shop.petercernicka.eu\/"},{"@type":"ListItem","position":2,"name":"Aran\u017em\u00e1 pre CM Malena a Vesel\u00e1 muzika Rat\u00ed\u0161kovice"}]},{"@type":"WebSite","@id":"https:\/\/shop.petercernicka.eu\/#website","url":"https:\/\/shop.petercernicka.eu\/","name":"Peter \u010cerni\u010dka | Noty | HUDOBN\u00c9 PODKLADY","description":"Volkslieder, Schlager, Tschechoslowakische Schlager, Zigeunerlieder, Evergreens, Weihnachtslieder","potentialAction":[{"@type":"SearchAction","target":{"@type":"EntryPoint","urlTemplate":"https:\/\/shop.petercernicka.eu\/?s={search_term_string}"},"query-input":{"@type":"PropertyValueSpecification","valueRequired":true,"valueName":"search_term_string"}}],"inLanguage":"de"},{"@type":"Person","@id":"https:\/\/shop.petercernicka.eu\/#\/schema\/person\/443ea899e921e21a12b483819093f50c","name":"npd","image":{"@type":"ImageObject","inLanguage":"de","@id":"https:\/\/secure.gravatar.com\/avatar\/fd6eea309bd67bfc601b3ac3574b9736afe19326ea191d3fa6faac773fa26ad1?s=96&d=wavatar&r=g","url":"https:\/\/secure.gravatar.com\/avatar\/fd6eea309bd67bfc601b3ac3574b9736afe19326ea191d3fa6faac773fa26ad1?s=96&d=wavatar&r=g","contentUrl":"https:\/\/secure.gravatar.com\/avatar\/fd6eea309bd67bfc601b3ac3574b9736afe19326ea191d3fa6faac773fa26ad1?s=96&d=wavatar&r=g","caption":"npd"},"sameAs":["https:\/\/shop.petercernicka.eu"],"url":"https:\/\/shop.petercernicka.eu\/de\/author\/npd\/"}]}},"_links":{"self":[{"href":"https:\/\/shop.petercernicka.eu\/de\/wp-json\/wp\/v2\/posts\/8453","targetHints":{"allow":["GET"]}}],"collection":[{"href":"https:\/\/shop.petercernicka.eu\/de\/wp-json\/wp\/v2\/posts"}],"about":[{"href":"https:\/\/shop.petercernicka.eu\/de\/wp-json\/wp\/v2\/types\/post"}],"author":[{"embeddable":true,"href":"https:\/\/shop.petercernicka.eu\/de\/wp-json\/wp\/v2\/users\/1"}],"replies":[{"embeddable":true,"href":"https:\/\/shop.petercernicka.eu\/de\/wp-json\/wp\/v2\/comments?post=8453"}],"version-history":[{"count":2,"href":"https:\/\/shop.petercernicka.eu\/de\/wp-json\/wp\/v2\/posts\/8453\/revisions"}],"predecessor-version":[{"id":8463,"href":"https:\/\/shop.petercernicka.eu\/de\/wp-json\/wp\/v2\/posts\/8453\/revisions\/8463"}],"wp:featuredmedia":[{"embeddable":true,"href":"https:\/\/shop.petercernicka.eu\/de\/wp-json\/wp\/v2\/media\/8454"}],"wp:attachment":[{"href":"https:\/\/shop.petercernicka.eu\/de\/wp-json\/wp\/v2\/media?parent=8453"}],"wp:term":[{"taxonomy":"category","embeddable":true,"href":"https:\/\/shop.petercernicka.eu\/de\/wp-json\/wp\/v2\/categories?post=8453"},{"taxonomy":"post_tag","embeddable":true,"href":"https:\/\/shop.petercernicka.eu\/de\/wp-json\/wp\/v2\/tags?post=8453"}],"curies":[{"name":"wp","href":"https:\/\/api.w.org\/{rel}","templated":true}]}}